{"id":2789,"date":"2024-02-07T15:33:20","date_gmt":"2024-02-07T18:33:20","guid":{"rendered":"https:\/\/blog.innovaconnect.com.br\/?p=2789"},"modified":"2024-02-07T15:33:22","modified_gmt":"2024-02-07T18:33:22","slug":"zoom-se-une-a-apple-em-videochamadas-imersivas-com-o-vision-pro","status":"publish","type":"post","link":"https:\/\/innspire.dev\/blog\/zoom-se-une-a-apple-em-videochamadas-imersivas-com-o-vision-pro\/","title":{"rendered":"Zoom se une \u00e0 Apple em videochamadas imersivas com o Vision Pro"},"content":{"rendered":"\n<p>O <strong>Zoom<\/strong> surpreendeu o mercado ao anunciar um <strong>novo aplicativo<\/strong>, especialmente <a href=\"https:\/\/news.zoom.us\/zoom-launches-new-app-for-apple-vision-pro-to-make-hybrid-collaboration-more-immersive\/\"><strong>desenvolvido para os usu\u00e1rios do Vision Pro<\/strong><\/a>. O altamente esperado headset de realidade mista da <strong>Apple<\/strong>, cujo lan\u00e7amento ocorreu na \u00faltima sexta-feira, dia 2 de fevereiro, traz uma proposta inovadora de videochamadas imersivas, em um aplicativo que oferece recursos avan\u00e7ados para colabora\u00e7\u00e3o em equipe e intera\u00e7\u00e3o virtual.<\/p>\n\n\n\n<p>Nesse sentido, <strong>Smita Hashim<\/strong>, CPO do Zoom, expressou seu entusiasmo com essa parceria estrat\u00e9gica, ressaltando que &#8220;a integra\u00e7\u00e3o do Zoom no Apple Vision Pro e no visionOS estende a promessa de nossa plataforma de proporcionar a melhor experi\u00eancia de reuni\u00e3o de qualquer lugar, refor\u00e7ando nosso compromisso com a colabora\u00e7\u00e3o e comunica\u00e7\u00e3o sem interrup\u00e7\u00f5es&#8221;.<\/p>\n\n\n\n<div style=\"height:24px\" aria-hidden=\"true\" class=\"wp-block-spacer\"><\/div>\n\n\n\n<figure class=\"wp-block-image size-large\"><img fetchpriority=\"high\" decoding=\"async\" width=\"1360\" height=\"765\" src=\"https:\/\/blog.innspire.dev\/wp-content\/uploads\/2024\/02\/pessoas-fazendo-videochamada-pelo-zoom-1360x765.webp\" alt=\"\" class=\"wp-image-2790\" srcset=\"https:\/\/innspire.dev\/blog\/wp-content\/uploads\/2024\/02\/pessoas-fazendo-videochamada-pelo-zoom-1360x765.webp 1360w, https:\/\/innspire.dev\/blog\/wp-content\/uploads\/2024\/02\/pessoas-fazendo-videochamada-pelo-zoom-500x281.webp 500w, https:\/\/innspire.dev\/blog\/wp-content\/uploads\/2024\/02\/pessoas-fazendo-videochamada-pelo-zoom-768x432.webp 768w, https:\/\/innspire.dev\/blog\/wp-content\/uploads\/2024\/02\/pessoas-fazendo-videochamada-pelo-zoom-1170x658.webp 1170w, https:\/\/innspire.dev\/blog\/wp-content\/uploads\/2024\/02\/pessoas-fazendo-videochamada-pelo-zoom-585x329.webp 585w, https:\/\/innspire.dev\/blog\/wp-content\/uploads\/2024\/02\/pessoas-fazendo-videochamada-pelo-zoom.webp 1380w\" sizes=\"(max-width: 1360px) 100vw, 1360px\" \/><figcaption class=\"wp-element-caption\">Equipe fazendo videochamada pelo Zoom para Apple Vision Pro<\/figcaption><\/figure>\n\n\n\n<div style=\"height:28px\" aria-hidden=\"true\" class=\"wp-block-spacer\"><\/div>\n\n\n\n<h2 class=\"wp-block-heading\">Zoom para Vision Pro<\/h2>\n\n\n\n<p>O aplicativo do Zoom para o Apple Vision Pro tem como objetivo <strong>transformar a forma como as videochamadas s\u00e3o realizadas<\/strong>, mesmo \u00e0 dist\u00e2ncia. Destaca-se a fun\u00e7\u00e3o Personas, que cria vers\u00f5es digitais dos participantes da reuni\u00e3o, permitindo visualizar express\u00f5es faciais e movimentos das m\u00e3os de colegas e clientes. Essa inova\u00e7\u00e3o, de fato, proporciona uma intera\u00e7\u00e3o mais natural e envolvente, ampliando a sensa\u00e7\u00e3o de presen\u00e7a durante as reuni\u00f5es virtuais.<\/p>\n\n\n\n<p>Al\u00e9m disso, o aplicativo oferece suporte ao recurso <strong>Zoom Espacial<\/strong>. A funcionalidade cria uma experi\u00eancia imersiva que <strong>simula a sensa\u00e7\u00e3o de todos os participantes estarem na mesma sala<\/strong>, sem a necessidade de equipamentos f\u00edsicos adicionais. Essas funcionalidades prometem elevar o padr\u00e3o das videoconfer\u00eancias e colabora\u00e7\u00f5es virtuais a um novo n\u00edvel.<\/p>\n\n\n\n<p>O <strong><a href=\"https:\/\/www.apple.com\/apple-vision-pro\/\">Apple Vision Pro<\/a><\/strong>, nova aposta da Apple, \u00e9 um \u00f3culos de realidade virtual que permite interagir com conte\u00fados digitais usando a voz e movimento. Com bateria de 2 horas de dura\u00e7\u00e3o, o equipamento tem aplicativos de produtividade, entretenimento e c\u00e2mera. O aparelho, inclusive, deve ganhar ainda mais funcionalidades em breve, conforme outras empresas de aplicativos fa\u00e7am a integra\u00e7\u00e3o com seu sistema operacional, o <strong>visionOS<\/strong>.<\/p>\n\n\n\n<div style=\"height:24px\" aria-hidden=\"true\" class=\"wp-block-spacer\"><\/div>\n\n\n\n<figure class=\"wp-block-embed is-type-video is-provider-youtube wp-block-embed-youtube wp-embed-aspect-16-9 wp-has-aspect-ratio\"><div class=\"wp-block-embed__wrapper\">\n<iframe title=\"Hello Apple Vision Pro\" width=\"1170\" height=\"658\" src=\"https:\/\/www.youtube.com\/embed\/IY4x85zqoJM?feature=oembed\" frameborder=\"0\" allow=\"accelerometer; autoplay; clipboard-write; encrypted-media; gyroscope; picture-in-picture; web-share\" allowfullscreen><\/iframe>\n<\/div><figcaption class=\"wp-element-caption\">Apple Vision Pro, o \u00f3culos de realidade virtual da Apple<\/figcaption><\/figure>\n\n\n\n<div style=\"height:28px\" aria-hidden=\"true\" class=\"wp-block-spacer\"><\/div>\n\n\n\n<h2 class=\"wp-block-heading\">E as novidades n\u00e3o param!<\/h2>\n\n\n\n<p>O Zoom adiantou tamb\u00e9m que lan\u00e7ar\u00e1 novas funcionalidades futuramente, incluindo o <strong>compartilhamento de arquivos em 3D<\/strong> e a <strong>integra\u00e7\u00e3o do Team Chat ao Zoom Meetings<\/strong>. Al\u00e9m disso, em breve ser\u00e1 poss\u00edvel <strong>fixar at\u00e9 cinco participantes na tela<\/strong>, removendo seus planos de fundo, para proporcionar uma experi\u00eancia ainda mais imersiva e interativa durante as videochamadas.<\/p>\n\n\n\n<p>Com um compromisso cont\u00ednuo com <strong>a inova\u00e7\u00e3o e a melhoria da experi\u00eancia do usu\u00e1rio<\/strong>, o Zoom demonstra mais uma vez sua lideran\u00e7a no fornecimento de solu\u00e7\u00f5es tecnol\u00f3gicas avan\u00e7adas. Seus produtos possuem foco em atender \u00e0s demandas em constante evolu\u00e7\u00e3o das equipes modernas.<\/p>\n","protected":false},"excerpt":{"rendered":"<p>O Zoom surpreendeu o mercado ao anunciar um novo aplicativo, especialmente desenvolvido para os usu\u00e1rios do Apple Vision Pro.<\/p>\n","protected":false},"author":5,"featured_media":2791,"comment_status":"closed","ping_status":"open","sticky":false,"template":"","format":"standard","meta":{"inline_featured_image":false,"_lmt_disableupdate":"","_lmt_disable":"","footnotes":""},"categories":[5],"tags":[78,75,76,79,48,49,77],"class_list":["post-2789","post","type-post","status-publish","format-standard","has-post-thumbnail","hentry","category-noticias","tag-aplicativos","tag-apple","tag-apple-vision-pro","tag-inovacao","tag-noticias","tag-tecnologia","tag-zoom"],"yoast_head":"<!-- This site is optimized with the Yoast SEO plugin v27.3 - https:\/\/yoast.com\/product\/yoast-seo-wordpress\/ -->\n<title>Zoom lan\u00e7a videochamadas imersivas para o Apple Vision Pro<\/title>\n<meta name=\"description\" content=\"O Zoom surpreendeu o mercado ao anunciar um novo aplicativo, especialmente desenvolvido para os usu\u00e1rios do Apple Vision Pro.\" \/>\n<meta name=\"robots\" content=\"index, follow, max-snippet:-1, max-image-preview:large, max-video-preview:-1\" \/>\n<link rel=\"canonical\" href=\"https:\/\/innspire.dev\/blog\/zoom-se-une-a-apple-em-videochamadas-imersivas-com-o-vision-pro\/\" \/>\n<meta property=\"og:locale\" content=\"pt_BR\" \/>\n<meta property=\"og:type\" content=\"article\" \/>\n<meta property=\"og:title\" content=\"Zoom lan\u00e7a videochamadas imersivas para o Apple Vision Pro\" \/>\n<meta property=\"og:description\" content=\"O Zoom surpreendeu o mercado ao anunciar um novo aplicativo, especialmente desenvolvido para os usu\u00e1rios do Apple Vision Pro.\" \/>\n<meta property=\"og:url\" content=\"https:\/\/innspire.dev\/blog\/zoom-se-une-a-apple-em-videochamadas-imersivas-com-o-vision-pro\/\" \/>\n<meta property=\"og:site_name\" content=\"Blog InnSpire\" \/>\n<meta property=\"article:published_time\" content=\"2024-02-07T18:33:20+00:00\" \/>\n<meta property=\"article:modified_time\" content=\"2024-02-07T18:33:22+00:00\" \/>\n<meta property=\"og:image\" content=\"https:\/\/innspire.dev\/blog\/wp-content\/uploads\/2024\/02\/zoom-para-apple-vision-pro-copiar.webp\" \/>\n\t<meta property=\"og:image:width\" content=\"1360\" \/>\n\t<meta property=\"og:image:height\" content=\"841\" \/>\n\t<meta property=\"og:image:type\" content=\"image\/webp\" \/>\n<meta name=\"author\" content=\"InnSpire Author\" \/>\n<meta name=\"twitter:card\" content=\"summary_large_image\" \/>\n<meta name=\"twitter:label1\" content=\"Escrito por\" \/>\n\t<meta name=\"twitter:data1\" content=\"InnSpire Author\" \/>\n\t<meta name=\"twitter:label2\" content=\"Est. tempo de leitura\" \/>\n\t<meta name=\"twitter:data2\" content=\"3 minutos\" \/>\n<script type=\"application\/ld+json\" class=\"yoast-schema-graph\">{\"@context\":\"https:\\\/\\\/schema.org\",\"@graph\":[{\"@type\":\"Article\",\"@id\":\"https:\\\/\\\/innspire.dev\\\/blog\\\/zoom-se-une-a-apple-em-videochamadas-imersivas-com-o-vision-pro\\\/#article\",\"isPartOf\":{\"@id\":\"https:\\\/\\\/innspire.dev\\\/blog\\\/zoom-se-une-a-apple-em-videochamadas-imersivas-com-o-vision-pro\\\/\"},\"author\":{\"name\":\"InnSpire Author\",\"@id\":\"https:\\\/\\\/innspire.dev\\\/blog\\\/#\\\/schema\\\/person\\\/571e55b97748333a75eefb26285461d0\"},\"headline\":\"Zoom se une \u00e0 Apple em videochamadas imersivas com o Vision Pro\",\"datePublished\":\"2024-02-07T18:33:20+00:00\",\"dateModified\":\"2024-02-07T18:33:22+00:00\",\"mainEntityOfPage\":{\"@id\":\"https:\\\/\\\/innspire.dev\\\/blog\\\/zoom-se-une-a-apple-em-videochamadas-imersivas-com-o-vision-pro\\\/\"},\"wordCount\":487,\"publisher\":{\"@id\":\"https:\\\/\\\/innspire.dev\\\/blog\\\/#organization\"},\"image\":{\"@id\":\"https:\\\/\\\/innspire.dev\\\/blog\\\/zoom-se-une-a-apple-em-videochamadas-imersivas-com-o-vision-pro\\\/#primaryimage\"},\"thumbnailUrl\":\"https:\\\/\\\/innspire.dev\\\/blog\\\/wp-content\\\/uploads\\\/2024\\\/02\\\/zoom-para-apple-vision-pro-copiar.webp\",\"keywords\":[\"aplicativos\",\"apple\",\"apple vision pro\",\"inova\u00e7\u00e3o\",\"noticias\",\"tecnologia\",\"zoom\"],\"articleSection\":[\"Not\u00edcias\"],\"inLanguage\":\"pt-BR\"},{\"@type\":\"WebPage\",\"@id\":\"https:\\\/\\\/innspire.dev\\\/blog\\\/zoom-se-une-a-apple-em-videochamadas-imersivas-com-o-vision-pro\\\/\",\"url\":\"https:\\\/\\\/innspire.dev\\\/blog\\\/zoom-se-une-a-apple-em-videochamadas-imersivas-com-o-vision-pro\\\/\",\"name\":\"Zoom lan\u00e7a videochamadas imersivas para o Apple Vision Pro\",\"isPartOf\":{\"@id\":\"https:\\\/\\\/innspire.dev\\\/blog\\\/#website\"},\"primaryImageOfPage\":{\"@id\":\"https:\\\/\\\/innspire.dev\\\/blog\\\/zoom-se-une-a-apple-em-videochamadas-imersivas-com-o-vision-pro\\\/#primaryimage\"},\"image\":{\"@id\":\"https:\\\/\\\/innspire.dev\\\/blog\\\/zoom-se-une-a-apple-em-videochamadas-imersivas-com-o-vision-pro\\\/#primaryimage\"},\"thumbnailUrl\":\"https:\\\/\\\/innspire.dev\\\/blog\\\/wp-content\\\/uploads\\\/2024\\\/02\\\/zoom-para-apple-vision-pro-copiar.webp\",\"datePublished\":\"2024-02-07T18:33:20+00:00\",\"dateModified\":\"2024-02-07T18:33:22+00:00\",\"description\":\"O Zoom surpreendeu o mercado ao anunciar um novo aplicativo, especialmente desenvolvido para os usu\u00e1rios do Apple Vision Pro.\",\"breadcrumb\":{\"@id\":\"https:\\\/\\\/innspire.dev\\\/blog\\\/zoom-se-une-a-apple-em-videochamadas-imersivas-com-o-vision-pro\\\/#breadcrumb\"},\"inLanguage\":\"pt-BR\",\"potentialAction\":[{\"@type\":\"ReadAction\",\"target\":[\"https:\\\/\\\/innspire.dev\\\/blog\\\/zoom-se-une-a-apple-em-videochamadas-imersivas-com-o-vision-pro\\\/\"]}]},{\"@type\":\"ImageObject\",\"inLanguage\":\"pt-BR\",\"@id\":\"https:\\\/\\\/innspire.dev\\\/blog\\\/zoom-se-une-a-apple-em-videochamadas-imersivas-com-o-vision-pro\\\/#primaryimage\",\"url\":\"https:\\\/\\\/innspire.dev\\\/blog\\\/wp-content\\\/uploads\\\/2024\\\/02\\\/zoom-para-apple-vision-pro-copiar.webp\",\"contentUrl\":\"https:\\\/\\\/innspire.dev\\\/blog\\\/wp-content\\\/uploads\\\/2024\\\/02\\\/zoom-para-apple-vision-pro-copiar.webp\",\"width\":1360,\"height\":841},{\"@type\":\"BreadcrumbList\",\"@id\":\"https:\\\/\\\/innspire.dev\\\/blog\\\/zoom-se-une-a-apple-em-videochamadas-imersivas-com-o-vision-pro\\\/#breadcrumb\",\"itemListElement\":[{\"@type\":\"ListItem\",\"position\":1,\"name\":\"In\u00edcio\",\"item\":\"https:\\\/\\\/innspire.dev\\\/blog\\\/\"},{\"@type\":\"ListItem\",\"position\":2,\"name\":\"Zoom se une \u00e0 Apple em videochamadas imersivas com o Vision Pro\"}]},{\"@type\":\"WebSite\",\"@id\":\"https:\\\/\\\/innspire.dev\\\/blog\\\/#website\",\"url\":\"https:\\\/\\\/innspire.dev\\\/blog\\\/\",\"name\":\"Blog InnSpire\",\"description\":\"Blog sobre inova\u00e7\u00e3o e tecnologia na \u00e1rea de desenvolvimento.\",\"publisher\":{\"@id\":\"https:\\\/\\\/innspire.dev\\\/blog\\\/#organization\"},\"potentialAction\":[{\"@type\":\"SearchAction\",\"target\":{\"@type\":\"EntryPoint\",\"urlTemplate\":\"https:\\\/\\\/innspire.dev\\\/blog\\\/?s={search_term_string}\"},\"query-input\":{\"@type\":\"PropertyValueSpecification\",\"valueRequired\":true,\"valueName\":\"search_term_string\"}}],\"inLanguage\":\"pt-BR\"},{\"@type\":\"Organization\",\"@id\":\"https:\\\/\\\/innspire.dev\\\/blog\\\/#organization\",\"name\":\"Blog InnSpire\",\"url\":\"https:\\\/\\\/innspire.dev\\\/blog\\\/\",\"logo\":{\"@type\":\"ImageObject\",\"inLanguage\":\"pt-BR\",\"@id\":\"https:\\\/\\\/innspire.dev\\\/blog\\\/#\\\/schema\\\/logo\\\/image\\\/\",\"url\":\"https:\\\/\\\/innspire.dev\\\/blog\\\/wp-content\\\/uploads\\\/2023\\\/10\\\/logotipo-blog-innspire.png\",\"contentUrl\":\"https:\\\/\\\/innspire.dev\\\/blog\\\/wp-content\\\/uploads\\\/2023\\\/10\\\/logotipo-blog-innspire.png\",\"width\":367,\"height\":73,\"caption\":\"Blog InnSpire\"},\"image\":{\"@id\":\"https:\\\/\\\/innspire.dev\\\/blog\\\/#\\\/schema\\\/logo\\\/image\\\/\"},\"sameAs\":[\"https:\\\/\\\/www.instagram.com\\\/innovaconnect\\\/\",\"https:\\\/\\\/www.linkedin.com\\\/company\\\/innovaconnect\\\/\"]},{\"@type\":\"Person\",\"@id\":\"https:\\\/\\\/innspire.dev\\\/blog\\\/#\\\/schema\\\/person\\\/571e55b97748333a75eefb26285461d0\",\"name\":\"InnSpire Author\",\"image\":{\"@type\":\"ImageObject\",\"inLanguage\":\"pt-BR\",\"@id\":\"https:\\\/\\\/secure.gravatar.com\\\/avatar\\\/b1a8653f06af3c23f671b19408f6b888f876fcc516d0313ef3c98ef653b77ed5?s=96&d=mm&r=g\",\"url\":\"https:\\\/\\\/secure.gravatar.com\\\/avatar\\\/b1a8653f06af3c23f671b19408f6b888f876fcc516d0313ef3c98ef653b77ed5?s=96&d=mm&r=g\",\"contentUrl\":\"https:\\\/\\\/secure.gravatar.com\\\/avatar\\\/b1a8653f06af3c23f671b19408f6b888f876fcc516d0313ef3c98ef653b77ed5?s=96&d=mm&r=g\",\"caption\":\"InnSpire Author\"},\"url\":\"https:\\\/\\\/innspire.dev\\\/blog\\\/author\\\/dev\\\/\"}]}<\/script>\n<!-- \/ Yoast SEO plugin. -->","yoast_head_json":{"title":"Zoom lan\u00e7a videochamadas imersivas para o Apple Vision Pro","description":"O Zoom surpreendeu o mercado ao anunciar um novo aplicativo, especialmente desenvolvido para os usu\u00e1rios do Apple Vision Pro.","robots":{"index":"index","follow":"follow","max-snippet":"max-snippet:-1","max-image-preview":"max-image-preview:large","max-video-preview":"max-video-preview:-1"},"canonical":"https:\/\/innspire.dev\/blog\/zoom-se-une-a-apple-em-videochamadas-imersivas-com-o-vision-pro\/","og_locale":"pt_BR","og_type":"article","og_title":"Zoom lan\u00e7a videochamadas imersivas para o Apple Vision Pro","og_description":"O Zoom surpreendeu o mercado ao anunciar um novo aplicativo, especialmente desenvolvido para os usu\u00e1rios do Apple Vision Pro.","og_url":"https:\/\/innspire.dev\/blog\/zoom-se-une-a-apple-em-videochamadas-imersivas-com-o-vision-pro\/","og_site_name":"Blog InnSpire","article_published_time":"2024-02-07T18:33:20+00:00","article_modified_time":"2024-02-07T18:33:22+00:00","og_image":[{"width":1360,"height":841,"url":"https:\/\/innspire.dev\/blog\/wp-content\/uploads\/2024\/02\/zoom-para-apple-vision-pro-copiar.webp","type":"image\/webp"}],"author":"InnSpire Author","twitter_card":"summary_large_image","twitter_misc":{"Escrito por":"InnSpire Author","Est. tempo de leitura":"3 minutos"},"schema":{"@context":"https:\/\/schema.org","@graph":[{"@type":"Article","@id":"https:\/\/innspire.dev\/blog\/zoom-se-une-a-apple-em-videochamadas-imersivas-com-o-vision-pro\/#article","isPartOf":{"@id":"https:\/\/innspire.dev\/blog\/zoom-se-une-a-apple-em-videochamadas-imersivas-com-o-vision-pro\/"},"author":{"name":"InnSpire Author","@id":"https:\/\/innspire.dev\/blog\/#\/schema\/person\/571e55b97748333a75eefb26285461d0"},"headline":"Zoom se une \u00e0 Apple em videochamadas imersivas com o Vision Pro","datePublished":"2024-02-07T18:33:20+00:00","dateModified":"2024-02-07T18:33:22+00:00","mainEntityOfPage":{"@id":"https:\/\/innspire.dev\/blog\/zoom-se-une-a-apple-em-videochamadas-imersivas-com-o-vision-pro\/"},"wordCount":487,"publisher":{"@id":"https:\/\/innspire.dev\/blog\/#organization"},"image":{"@id":"https:\/\/innspire.dev\/blog\/zoom-se-une-a-apple-em-videochamadas-imersivas-com-o-vision-pro\/#primaryimage"},"thumbnailUrl":"https:\/\/innspire.dev\/blog\/wp-content\/uploads\/2024\/02\/zoom-para-apple-vision-pro-copiar.webp","keywords":["aplicativos","apple","apple vision pro","inova\u00e7\u00e3o","noticias","tecnologia","zoom"],"articleSection":["Not\u00edcias"],"inLanguage":"pt-BR"},{"@type":"WebPage","@id":"https:\/\/innspire.dev\/blog\/zoom-se-une-a-apple-em-videochamadas-imersivas-com-o-vision-pro\/","url":"https:\/\/innspire.dev\/blog\/zoom-se-une-a-apple-em-videochamadas-imersivas-com-o-vision-pro\/","name":"Zoom lan\u00e7a videochamadas imersivas para o Apple Vision Pro","isPartOf":{"@id":"https:\/\/innspire.dev\/blog\/#website"},"primaryImageOfPage":{"@id":"https:\/\/innspire.dev\/blog\/zoom-se-une-a-apple-em-videochamadas-imersivas-com-o-vision-pro\/#primaryimage"},"image":{"@id":"https:\/\/innspire.dev\/blog\/zoom-se-une-a-apple-em-videochamadas-imersivas-com-o-vision-pro\/#primaryimage"},"thumbnailUrl":"https:\/\/innspire.dev\/blog\/wp-content\/uploads\/2024\/02\/zoom-para-apple-vision-pro-copiar.webp","datePublished":"2024-02-07T18:33:20+00:00","dateModified":"2024-02-07T18:33:22+00:00","description":"O Zoom surpreendeu o mercado ao anunciar um novo aplicativo, especialmente desenvolvido para os usu\u00e1rios do Apple Vision Pro.","breadcrumb":{"@id":"https:\/\/innspire.dev\/blog\/zoom-se-une-a-apple-em-videochamadas-imersivas-com-o-vision-pro\/#breadcrumb"},"inLanguage":"pt-BR","potentialAction":[{"@type":"ReadAction","target":["https:\/\/innspire.dev\/blog\/zoom-se-une-a-apple-em-videochamadas-imersivas-com-o-vision-pro\/"]}]},{"@type":"ImageObject","inLanguage":"pt-BR","@id":"https:\/\/innspire.dev\/blog\/zoom-se-une-a-apple-em-videochamadas-imersivas-com-o-vision-pro\/#primaryimage","url":"https:\/\/innspire.dev\/blog\/wp-content\/uploads\/2024\/02\/zoom-para-apple-vision-pro-copiar.webp","contentUrl":"https:\/\/innspire.dev\/blog\/wp-content\/uploads\/2024\/02\/zoom-para-apple-vision-pro-copiar.webp","width":1360,"height":841},{"@type":"BreadcrumbList","@id":"https:\/\/innspire.dev\/blog\/zoom-se-une-a-apple-em-videochamadas-imersivas-com-o-vision-pro\/#breadcrumb","itemListElement":[{"@type":"ListItem","position":1,"name":"In\u00edcio","item":"https:\/\/innspire.dev\/blog\/"},{"@type":"ListItem","position":2,"name":"Zoom se une \u00e0 Apple em videochamadas imersivas com o Vision Pro"}]},{"@type":"WebSite","@id":"https:\/\/innspire.dev\/blog\/#website","url":"https:\/\/innspire.dev\/blog\/","name":"Blog InnSpire","description":"Blog sobre inova\u00e7\u00e3o e tecnologia na \u00e1rea de desenvolvimento.","publisher":{"@id":"https:\/\/innspire.dev\/blog\/#organization"},"potentialAction":[{"@type":"SearchAction","target":{"@type":"EntryPoint","urlTemplate":"https:\/\/innspire.dev\/blog\/?s={search_term_string}"},"query-input":{"@type":"PropertyValueSpecification","valueRequired":true,"valueName":"search_term_string"}}],"inLanguage":"pt-BR"},{"@type":"Organization","@id":"https:\/\/innspire.dev\/blog\/#organization","name":"Blog InnSpire","url":"https:\/\/innspire.dev\/blog\/","logo":{"@type":"ImageObject","inLanguage":"pt-BR","@id":"https:\/\/innspire.dev\/blog\/#\/schema\/logo\/image\/","url":"https:\/\/innspire.dev\/blog\/wp-content\/uploads\/2023\/10\/logotipo-blog-innspire.png","contentUrl":"https:\/\/innspire.dev\/blog\/wp-content\/uploads\/2023\/10\/logotipo-blog-innspire.png","width":367,"height":73,"caption":"Blog InnSpire"},"image":{"@id":"https:\/\/innspire.dev\/blog\/#\/schema\/logo\/image\/"},"sameAs":["https:\/\/www.instagram.com\/innovaconnect\/","https:\/\/www.linkedin.com\/company\/innovaconnect\/"]},{"@type":"Person","@id":"https:\/\/innspire.dev\/blog\/#\/schema\/person\/571e55b97748333a75eefb26285461d0","name":"InnSpire Author","image":{"@type":"ImageObject","inLanguage":"pt-BR","@id":"https:\/\/secure.gravatar.com\/avatar\/b1a8653f06af3c23f671b19408f6b888f876fcc516d0313ef3c98ef653b77ed5?s=96&d=mm&r=g","url":"https:\/\/secure.gravatar.com\/avatar\/b1a8653f06af3c23f671b19408f6b888f876fcc516d0313ef3c98ef653b77ed5?s=96&d=mm&r=g","contentUrl":"https:\/\/secure.gravatar.com\/avatar\/b1a8653f06af3c23f671b19408f6b888f876fcc516d0313ef3c98ef653b77ed5?s=96&d=mm&r=g","caption":"InnSpire Author"},"url":"https:\/\/innspire.dev\/blog\/author\/dev\/"}]}},"_links":{"self":[{"href":"https:\/\/innspire.dev\/blog\/wp-json\/wp\/v2\/posts\/2789","targetHints":{"allow":["GET"]}}],"collection":[{"href":"https:\/\/innspire.dev\/blog\/wp-json\/wp\/v2\/posts"}],"about":[{"href":"https:\/\/innspire.dev\/blog\/wp-json\/wp\/v2\/types\/post"}],"author":[{"embeddable":true,"href":"https:\/\/innspire.dev\/blog\/wp-json\/wp\/v2\/users\/5"}],"replies":[{"embeddable":true,"href":"https:\/\/innspire.dev\/blog\/wp-json\/wp\/v2\/comments?post=2789"}],"version-history":[{"count":1,"href":"https:\/\/innspire.dev\/blog\/wp-json\/wp\/v2\/posts\/2789\/revisions"}],"predecessor-version":[{"id":2792,"href":"https:\/\/innspire.dev\/blog\/wp-json\/wp\/v2\/posts\/2789\/revisions\/2792"}],"wp:featuredmedia":[{"embeddable":true,"href":"https:\/\/innspire.dev\/blog\/wp-json\/wp\/v2\/media\/2791"}],"wp:attachment":[{"href":"https:\/\/innspire.dev\/blog\/wp-json\/wp\/v2\/media?parent=2789"}],"wp:term":[{"taxonomy":"category","embeddable":true,"href":"https:\/\/innspire.dev\/blog\/wp-json\/wp\/v2\/categories?post=2789"},{"taxonomy":"post_tag","embeddable":true,"href":"https:\/\/innspire.dev\/blog\/wp-json\/wp\/v2\/tags?post=2789"}],"curies":[{"name":"wp","href":"https:\/\/api.w.org\/{rel}","templated":true}]}}